{"id":83691,"date":"2020-11-04T13:51:08","date_gmt":"2020-11-04T18:51:08","guid":{"rendered":"https:\/\/prometour.com\/?p=83691"},"modified":"2021-02-10T14:28:48","modified_gmt":"2021-02-10T19:28:48","slug":"souvenirs-de-france","status":"publish","type":"post","link":"https:\/\/prometour.com\/fr\/souvenirs-de-france\/","title":{"rendered":"Souvenirs de France"},"content":{"rendered":"<div class=\"wpb-content-wrapper\"><p>[vc_row][vc_column width=\u00a0\u00bb1\/4&Prime;][uncode_block id=\u00a0\u00bb82731&Prime; inside_column=\u00a0\u00bbyes\u00a0\u00bb][\/vc_column][vc_column width=\u00a0\u00bb1\/2&Prime;][vc_single_image media=\u00a0\u00bb76013&Prime; media_width_percent=\u00a0\u00bb100&Prime;][vc_column_text]<\/p>\n<div class=\"vc-row-wrapper vc_inner vc_row-fluid\">\n<div class=\"row wpb_row\">\n<div class=\"itinBoxColor columns twelve\">\n<div class=\"wpb_wrapper\">\n<div class=\"wpb_text_column wpb_content_element \">\n<div class=\"wpb_wrapper\">\n<div class=\"wpb_wrapper\">\n<div class=\"wpb_wrapper\">\n<h3>Souvenirs de France &#8211; 10 jours<\/h3>\n<p>Revivez des moments m\u00e9morables qui ont fa\u00e7onn\u00e9s l&rsquo;histoire fran\u00e7aise:\u00a0 d\u00e9ambulez sur sur les plages de Normandie,\u00a0 voyez le Mont-Saint-Michel, d\u00e9couvrez l&rsquo;opulence du Ch\u00e2teau de Versailles, marchez sous les arches de la Tour Eiffel, soyez \u00e9blouis par les paillettes du Lido de Paris, des parcelles de vie pour en faire des moments m\u00e9morables en France!<\/p>\n<p><strong>Jour 1:\u00a0 Envol vers la France<\/strong><\/p>\n<p>D\u00e9part sur un vol de nuit en direction de Paris.<\/p>\n<p><strong>Jour 2: Vimy et Amiens (PD\/S)<\/strong><\/p>\n<p>Bienvenue en France! Rencontrez votre accompagnateur de groupe Prom\u00e9tour \u00e0 votre arriv\u00e9e \u00e0 l&rsquo;a\u00e9roport de Paris.<\/p>\n<p>Recevez votre petit-d\u00e9jeuner de style bo\u00eete \u00e0 lunch pour bien commencer la journ\u00e9e. Montez \u00e0 bord de votre autocar et rendez-vous \u00e0 Vimy, mieux connue pour la bataille de la cr\u00eate de Vimy, un engagement militaire qui a fait partie de la bataille d&rsquo;Arras pendant la Premi\u00e8re Guerre mondiale.<\/p>\n<p>Visitez l&rsquo;impressionnant site comm\u00e9moratif de la Premi\u00e8re Guerre mondiale sur la cr\u00eate de Vimy et traversez les tranch\u00e9es reconstruites du champ de bataille.<\/p>\n<p>Temps libre pour le lunch, puis continuez vers Amiens pour la visite de la cath\u00e9drale d&rsquo;Amiens, l&rsquo;une des \u00e9glises gothiques les plus compl\u00e8tes de France du XIIIe si\u00e8cle; ce site class\u00e9 au patrimoine mondial de l&rsquo;UNESCO est r\u00e9put\u00e9 pour son \u00e9l\u00e9vation int\u00e9rieure \u00e0 trois niveaux, sa d\u00e9coration sculpt\u00e9e, ses vitraux et son labyrinthe qui est le deuxi\u00e8me plus grand de France.<\/p>\n<p>Profitez de temps libre pour explorer les rues \u00e9troites du quartier Saint-Leu d&rsquo;Amiens et les Hortillonnages pr\u00e9sentant des mara\u00eechers flottants qui pars\u00e8ment les canaux.<\/p>\n<p>Souper avec votre groupe dans un restaurant local, et h\u00e9bergement \u00e0 Amiens.<\/p>\n<p><strong>Jour 3: F\u00e9camp, Etretat &amp; Honfleur (PD)<\/strong><\/p>\n<p>Petit d\u00e9jeuner \u00e0 l&rsquo;h\u00f4tel, puis montez \u00e0 bord de votre autocar et rendez-vous \u00e0 F\u00e9camp.\u00a0D\u00e9couvrez l&rsquo;histoire de la B\u00e9n\u00e9dictine , cette liqueur fran\u00e7aise c\u00e9l\u00e8bre bas\u00e9e sur une recette cr\u00e9\u00e9e en 1510 par un moine b\u00e9n\u00e9dictin. Visitez le Palais B\u00e9n\u00e9dictine; explorez le mus\u00e9e, puis faites une visite guid\u00e9e de la seule et unique distillerie B\u00e9n\u00e9dictine au monde.<\/p>\n<p>Temps libre pour le lunch auivi d&rsquo;un arr\u00eat \u00e0 \u00c9tretat. Admirez les falaises de craie d&rsquo;\u00c9tretat; avec trois arcs naturels et une formation pointue appel\u00e9e L&rsquo;Aiguille\u00a0 qui s&rsquo;\u00e9l\u00e8ve \u00e0 230 pieds au-dessus de la mer.\u00a0Continuez vers la ville maritime de Honfleur et profitez de temps libre pour explorer cette ville portuaire pittoresque. Le souper est libre et l&rsquo;h\u00e9bergement est \u00e0 Honfleur.<\/p>\n<p><strong>Jour 4: Arromanches, Colleville &amp; Bayeux (PD)<\/strong><\/p>\n<p>Petit d\u00e9jeuner \u00e0 l&rsquo;h\u00f4tel puis montez \u00e0 bord de votre autocar pour prendre la route vers Arromanches, pr\u00e8s de l&rsquo;endroit du \u00a0jour J, l\u00e0 o\u00f9 le d\u00e9barquement de Normandie a eu lieu.<\/p>\n<p>Visitez le Mus\u00e9e du Jour J, le premier mus\u00e9e \u00e0 \u00eatre construit en comm\u00e9moration du 6 juin 1944 et de la campagne de Normandie.\u00a0 Voyez les plages et le site de d\u00e9barquement qui mena \u00e0 la lib\u00e9ration de l&rsquo;Europe pendant la Seconde Guerre mondiale.<\/p>\n<p>Temps libre pour le lunch.<\/p>\n<p>Visitez le cimeti\u00e8re am\u00e9ricain de Normandie et le m\u00e9morial de la Seconde Guerre mondiale \u00e0 Colleville-sur-Mer qui rend hommage aux troupes am\u00e9ricaines d\u00e9c\u00e9d\u00e9es en Europe pendant la Seconde Guerre mondiale.<\/p>\n<p>Montez \u00e0 bord de votre autocar et continuez vers Bayeux, une destination qui allie parfaitement culture, patrimoine, dynamisme et modernit\u00e9. Profitez d&rsquo;un temps libre pour le reste de la journ\u00e9e. H\u00e9bergement \u00e0 Bayeux.<\/p>\n<p><strong>Jour 5: Isigny Sur Mer &amp; Mont Saint Michel (PD)<\/strong><\/p>\n<p>Petit d\u00e9jeuner \u00e0 l&rsquo;h\u00f4tel, puis faites une visite \u00e0 la boutique Caramel D&rsquo;Isigny pour d\u00e9couvrir l&rsquo;ensemble du processus n\u00e9cessaire \u00e0 l&rsquo;\u00e9laboration de ses fameux caramels: de la s\u00e9lection des ingr\u00e9dients jusqu&rsquo;au produit final que vous pourrez d\u00e9guster!<\/p>\n<p>Montez \u00e0 bord de votre autocar et rendez-vous au Mont St-Michel, une commune insulaire de Normandie.\u00a0Prenez un peu de temps libre pour d\u00e9couvrir cette fascinante ville fortifi\u00e9e.<\/p>\n<p>Temps libre pour le lunch, et ensuite partez \u00e0 la d\u00e9couverte de l&rsquo;abbaye du Mont Saint-Michel, datant du XVIe si\u00e8cle, avec un guide local<\/p>\n<p>Montez \u00e0 bord de votre autocar et retournez \u00e0 Bayeux. le reste de la journ\u00e9e est libre. H\u00e9bergement \u00e0 Bayeux.<\/p>\n<p><strong>Jour 6: Versailles et Paris (PD\/S)<\/strong><\/p>\n<p>Petit d\u00e9jeuner \u00e0 l&rsquo;h\u00f4tel, puis montez \u00e0 bord de votre autocar en direction de Versailles.<\/p>\n<p>Temps libre pour le lunch, puis explorez les jardins \u00e9l\u00e9gamment am\u00e9nag\u00e9s du ch\u00e2teau de Versailles. Avec un guide local, visitez le ch\u00e2teau de Versailles, l&rsquo;une des plus belles r\u00e9alisations de l&rsquo;art fran\u00e7ais du XVIIIe si\u00e8cle; certaines des salles ouvertes \u00e0 la visite sont les Grands Appartements, la Chapelle Royale et la Galerie des Glaces.<\/p>\n<p>Montez \u00e0 bord de votre autocar et retournez \u00e0 Paris.\u00a0Profitez d&rsquo;un peu de temps libre \u00e0 l&rsquo;h\u00f4tel. Ce soir, le souper est inclus avec votre groupe dans un restaurant local.<\/p>\n<p>Vivez une soir\u00e9e inoubliable au th\u00e9\u00e2tre du Lido de Paris situ\u00e9 au c\u0153ur des Champs-Elys\u00e9es. Le spectacle de cabaret \u00abParis Merveille\u00bb * est un spectacle parsem\u00e9 de paillettes qui associe des d\u00e9cors sensuels, la musique d&rsquo;un orchestre en direct et une chor\u00e9graphie sans faille avec des danses pleines d&rsquo;\u00e9nergie anim\u00e9es par les danseuses du Lido, les c\u00e9l\u00e8bres Bluebell Girls. Une nuit au Lido est l&rsquo;une des sorties les plus c\u00e9l\u00e8bres de Paris!<\/p>\n<p>H\u00e9bergement \u00e0 Paris.<\/p>\n<p><strong>Jour 7: Paris (PD)<\/strong><\/p>\n<p>Petit d\u00e9jeuner \u00e0 l&rsquo;h\u00f4tel.\u00a0Lors d&rsquo;une visite guid\u00e9e en bus de la ville, d\u00e9couvrez les monuments et quartiers les plus c\u00e9l\u00e8bres de Paris: l&rsquo;Arc de Triomphe de Napol\u00e9on, le Panth\u00e9on, le Quartier Latin, la cath\u00e9drale Notre-Dame, le quartier de l&rsquo;Op\u00e9ra et bien s\u00fbr la tour Eiffel.<\/p>\n<p>Temps libre pour le lunch.\u00a0Profitez ensuite d&rsquo;une visite guid\u00e9e du mus\u00e9e Rodin et d\u00e9couvrez certaines des cr\u00e9ations les plus importantes du sculpteur expos\u00e9es dans le vaste jardin du mus\u00e9e, notamment Le Penseur et le Baiser.<\/p>\n<p>Passez le reste de l&rsquo;apr\u00e8s-midi \u00e0 explorer \u00e0 votre rythme! Le souper est libre.\u00a0H\u00e9bergement \u00e0 Paris.<\/p>\n<p><strong>Jour 8: Paris (PD)<\/strong><\/p>\n<p>Petit d\u00e9jeuner \u00e0 l&rsquo;h\u00f4tel.\u00a0Profitez d&rsquo;une visite guid\u00e9e de l&rsquo;Op\u00e9ra Garnier, probablement l&rsquo;op\u00e9ra le plus c\u00e9l\u00e8bre du monde; il est connu pour \u00eatre l\u2019inspiration du \u00abFant\u00f4me de l\u2019op\u00e9ra\u00bb de Leroux; il est difficile de ne pas lever les yeux vers les les fresques de Chagall qui ornent le plafond.<\/p>\n<p>Visitez <em>Parfumerie Fragonard et Boutique<\/em> pour d\u00e9couvrir comment sont fabriqu\u00e9s les parfums fran\u00e7ais.<\/p>\n<p>Temps libre pour le lunch, puis arr\u00eat \u00e0 la Tour Eiffel,\u00a0 une occasion photo embl\u00e9matique (arr\u00eat photo uniquement), avant de monter \u00e0 bord d&rsquo;un Bateau Mouche pour admirer l&rsquo;architecture parisienne en naviguant le long de la Seine.<\/p>\n<p>Passez le reste de l&rsquo;apr\u00e8s-midi \u00e0 explorer \u00e0 votre rythme! Le souper est libre.\u00a0H\u00e9bergement \u00e0 Paris.<\/p>\n<p><strong>Jour 9: Paris (PD)<\/strong><\/p>\n<p>Petit d\u00e9jeuner \u00e0 l&rsquo;h\u00f4tel.\u00a0Faites une visite guid\u00e9e du mus\u00e9e du Louvre pour d\u00e9couvrir certains de ses merveilleux chefs-d&rsquo;\u0153uvre, notamment la Joconde de Da Vinci et l&rsquo;impressionnante pyramide de verre en face du mus\u00e9e. Ayez le reste de la matin\u00e9e pour explorer cet incroyable mus\u00e9e \u00e0 votre rythme, ils disent que si vous passiez 30 secondes \u00e0 admirer chaque objet, il vous faudrait 100 jours pour voir chaque \u0153uvre d&rsquo;art!<\/p>\n<p>Temps libre pour le lunch et pour voir Paris \u00e0 votre rythme! Pourquoi ne pas vous rendre dans le Quartier Latin pour faire vos achats au magasin Le Petit Prince, d\u00e9di\u00e9 au chef-d&rsquo;\u0153uvre de St-Exup\u00e9ry, ou peut-\u00eatre dans le quartier du Marais avec ses boutiques de la rue Frances Bourgeois et de la place des Vosges, l&rsquo;une des plus belles places de Paris.<\/p>\n<p>Rencontrez votre groupe pour une agr\u00e9able soir\u00e9e d&rsquo;adieu.\u00a0Profitez d&rsquo;une balade en funiculaire jusqu&rsquo;au sommet de la butte Montmartre et d\u00e9couvrez le Quartier Montmartre, \u00ab\u00a0La Butte\u00a0\u00bb; il a \u00e9t\u00e9 et demeure la source d&rsquo;inspiration de nombreux artistes tels que Pissarro et Delacroix. Assurez-vous de vous arr\u00eater au Sacr\u00e9 Coeur pour admirer son incroyable int\u00e9rieur en mosa\u00efque et passer du temps dans la Place du Tertre.<\/p>\n<p>Savourez un authentique d\u00eener fran\u00e7ais avec vos compagnons de voyage \u00e0 La M\u00e8re Catherine situ\u00e9 au c\u0153ur du Quartier Montmartre.\u00a0H\u00e9bergement \u00e0 Paris.<\/p>\n<\/div>\n<div class=\"wpb_wrapper\">\n<p><strong>Jour 10: retour \u00e0 la maison (PD)<\/strong><\/p>\n<p>Petit d\u00e9jeuner \u00e0 l&rsquo;h\u00f4tel, puis transfert en autocar de votre h\u00f4tel \u00e0 l&rsquo;a\u00e9roport. Dites un bon Au Revoir \u00e0 votre accompagnateur de groupe de Prom\u00e9tour.<\/p>\n<\/div>\n<p><em>Ceci est un itin\u00e9raire type&#8230; N&rsquo;h\u00e9sitez pas \u00e0 demander \u00e0 votre conseiller Prom\u00e9tour de le personaliser pour les besoins de votre groupe.<\/em><\/p>\n<p>&nbsp;<\/p>\n<\/div>\n<\/div>\n<\/div>\n<\/div>\n<\/div>\n<\/div>\n<\/div>\n<p>[\/vc_column_text][\/vc_column][vc_column width=\u00a0\u00bb1\/4&Prime;][vc_single_image media=\u00a0\u00bb78095&Prime; media_lightbox=\u00a0\u00bbyes\u00a0\u00bb media_width_percent=\u00a0\u00bb100&Prime; media_ratio=\u00a0\u00bbsixteen-nine\u00a0\u00bb border=\u00a0\u00bbyes\u00a0\u00bb shadow=\u00a0\u00bbyes\u00a0\u00bb][vc_single_image media=\u00a0\u00bb83706&Prime; media_lightbox=\u00a0\u00bbyes\u00a0\u00bb media_width_percent=\u00a0\u00bb100&Prime;][\/vc_column][\/vc_row]<\/p>\n<\/div>","protected":false},"excerpt":{"rendered":"<p>[vc_row][vc_column width=\u00a0\u00bb1\/4&Prime;][uncode_block id=\u00a0\u00bb82731&Prime; inside_column=\u00a0\u00bbyes\u00a0\u00bb][\/vc_column][vc_column width=\u00a0\u00bb1\/2&Prime;][vc_single_image media=\u00a0\u00bb76013&Prime; media_width_percent=\u00a0\u00bb100&Prime;][vc_column_text] Souvenirs de France &#8211; 10 jours Revivez des moments m\u00e9morables qui ont fa\u00e7onn\u00e9s [&hellip;]<\/p>\n","protected":false},"author":21,"featured_media":72775,"comment_status":"closed","ping_status":"closed","sticky":false,"template":"","format":"standard","meta":{"content-type":"","footnotes":""},"categories":[5829],"tags":[],"class_list":["post-83691","post","type-post","status-publish","format-standard","has-post-thumbnail","hentry","category-envol-par-prometour"],"yoast_head":"<!-- This site is optimized with the Yoast SEO plugin v27.4 - https:\/\/yoast.com\/product\/yoast-seo-wordpress\/ -->\n<title>Souvenirs de France | Prom\u00e9tour<\/title>\n<meta name=\"robots\" content=\"index, follow, max-snippet:-1, max-image-preview:large, max-video-preview:-1\" \/>\n<link rel=\"canonical\" href=\"https:\/\/prometour.com\/fr\/souvenirs-de-france\/\" \/>\n<meta property=\"og:locale\" content=\"fr_FR\" \/>\n<meta property=\"og:type\" content=\"article\" \/>\n<meta property=\"og:title\" content=\"Souvenirs de France | Prom\u00e9tour\" \/>\n<meta property=\"og:description\" content=\"[vc_row][vc_column width=\u00a0\u00bb1\/4&Prime;][uncode_block id=\u00a0\u00bb82731&Prime; inside_column=\u00a0\u00bbyes\u00a0\u00bb][\/vc_column][vc_column width=\u00a0\u00bb1\/2&Prime;][vc_single_image media=\u00a0\u00bb76013&Prime; media_width_percent=\u00a0\u00bb100&Prime;][vc_column_text] Souvenirs de France &#8211; 10 jours Revivez des moments m\u00e9morables qui ont fa\u00e7onn\u00e9s [&hellip;]\" \/>\n<meta property=\"og:url\" content=\"https:\/\/prometour.com\/fr\/souvenirs-de-france\/\" \/>\n<meta property=\"og:site_name\" content=\"Prom&eacute;tour\" \/>\n<meta property=\"article:publisher\" content=\"https:\/\/www.facebook.com\/PrometourEduTours\" \/>\n<meta property=\"article:published_time\" content=\"2020-11-04T18:51:08+00:00\" \/>\n<meta property=\"article:modified_time\" content=\"2021-02-10T19:28:48+00:00\" \/>\n<meta property=\"og:image\" content=\"https:\/\/prometour.com\/wp-content\/uploads\/2017\/11\/Normandy.jpg\" \/>\n\t<meta property=\"og:image:width\" content=\"1284\" \/>\n\t<meta property=\"og:image:height\" content=\"700\" \/>\n\t<meta property=\"og:image:type\" content=\"image\/jpeg\" \/>\n<meta name=\"author\" content=\"Mireille\" \/>\n<meta name=\"twitter:card\" content=\"summary_large_image\" \/>\n<meta name=\"twitter:creator\" content=\"@Prometour\" \/>\n<meta name=\"twitter:site\" content=\"@Prometour\" \/>\n<meta name=\"twitter:label1\" content=\"\u00c9crit par\" \/>\n\t<meta name=\"twitter:data1\" content=\"Mireille\" \/>\n\t<meta name=\"twitter:label2\" content=\"Dur\u00e9e de lecture estim\u00e9e\" \/>\n\t<meta name=\"twitter:data2\" content=\"8 minutes\" \/>\n<script type=\"application\/ld+json\" class=\"yoast-schema-graph\">{\"@context\":\"https:\\\/\\\/schema.org\",\"@graph\":[{\"@type\":\"Article\",\"@id\":\"https:\\\/\\\/prometour.com\\\/fr\\\/souvenirs-de-france\\\/#article\",\"isPartOf\":{\"@id\":\"https:\\\/\\\/prometour.com\\\/fr\\\/souvenirs-de-france\\\/\"},\"author\":{\"name\":\"Mireille\",\"@id\":\"https:\\\/\\\/prometour.com\\\/fr\\\/#\\\/schema\\\/person\\\/792fcaaa91c0ad3963720f2d9697a548\"},\"headline\":\"Souvenirs de France\",\"datePublished\":\"2020-11-04T18:51:08+00:00\",\"dateModified\":\"2021-02-10T19:28:48+00:00\",\"mainEntityOfPage\":{\"@id\":\"https:\\\/\\\/prometour.com\\\/fr\\\/souvenirs-de-france\\\/\"},\"wordCount\":1581,\"publisher\":{\"@id\":\"https:\\\/\\\/prometour.com\\\/fr\\\/#organization\"},\"image\":{\"@id\":\"https:\\\/\\\/prometour.com\\\/fr\\\/souvenirs-de-france\\\/#primaryimage\"},\"thumbnailUrl\":\"https:\\\/\\\/prometour.com\\\/wp-content\\\/uploads\\\/2017\\\/11\\\/Normandy.jpg\",\"articleSection\":[\"Itin\u00e9raires Envol\"],\"inLanguage\":\"fr-FR\"},{\"@type\":\"WebPage\",\"@id\":\"https:\\\/\\\/prometour.com\\\/fr\\\/souvenirs-de-france\\\/\",\"url\":\"https:\\\/\\\/prometour.com\\\/fr\\\/souvenirs-de-france\\\/\",\"name\":\"Souvenirs de France | Prom\u00e9tour\",\"isPartOf\":{\"@id\":\"https:\\\/\\\/prometour.com\\\/fr\\\/#website\"},\"primaryImageOfPage\":{\"@id\":\"https:\\\/\\\/prometour.com\\\/fr\\\/souvenirs-de-france\\\/#primaryimage\"},\"image\":{\"@id\":\"https:\\\/\\\/prometour.com\\\/fr\\\/souvenirs-de-france\\\/#primaryimage\"},\"thumbnailUrl\":\"https:\\\/\\\/prometour.com\\\/wp-content\\\/uploads\\\/2017\\\/11\\\/Normandy.jpg\",\"datePublished\":\"2020-11-04T18:51:08+00:00\",\"dateModified\":\"2021-02-10T19:28:48+00:00\",\"breadcrumb\":{\"@id\":\"https:\\\/\\\/prometour.com\\\/fr\\\/souvenirs-de-france\\\/#breadcrumb\"},\"inLanguage\":\"fr-FR\",\"potentialAction\":[{\"@type\":\"ReadAction\",\"target\":[\"https:\\\/\\\/prometour.com\\\/fr\\\/souvenirs-de-france\\\/\"]}]},{\"@type\":\"ImageObject\",\"inLanguage\":\"fr-FR\",\"@id\":\"https:\\\/\\\/prometour.com\\\/fr\\\/souvenirs-de-france\\\/#primaryimage\",\"url\":\"https:\\\/\\\/prometour.com\\\/wp-content\\\/uploads\\\/2017\\\/11\\\/Normandy.jpg\",\"contentUrl\":\"https:\\\/\\\/prometour.com\\\/wp-content\\\/uploads\\\/2017\\\/11\\\/Normandy.jpg\",\"width\":1284,\"height\":700,\"caption\":\"Mont-Saint-Michel - Prometour Educational Tours\"},{\"@type\":\"BreadcrumbList\",\"@id\":\"https:\\\/\\\/prometour.com\\\/fr\\\/souvenirs-de-france\\\/#breadcrumb\",\"itemListElement\":[{\"@type\":\"ListItem\",\"position\":1,\"name\":\"Prometour\",\"item\":\"https:\\\/\\\/prometour.com\\\/fr\\\/\"},{\"@type\":\"ListItem\",\"position\":2,\"name\":\"Envol par Prom\u00e9tour\",\"item\":\"https:\\\/\\\/prometour.com\\\/fr\\\/category\\\/envol-par-prometour-fr\\\/\"},{\"@type\":\"ListItem\",\"position\":3,\"name\":\"Itin\u00e9raires Envol\",\"item\":\"https:\\\/\\\/prometour.com\\\/fr\\\/category\\\/envol-par-prometour-fr\\\/envol-par-prometour\\\/\"},{\"@type\":\"ListItem\",\"position\":4,\"name\":\"Souvenirs de France\"}]},{\"@type\":\"WebSite\",\"@id\":\"https:\\\/\\\/prometour.com\\\/fr\\\/#website\",\"url\":\"https:\\\/\\\/prometour.com\\\/fr\\\/\",\"name\":\"Prom\u00e9tour\",\"description\":\"Experts in Customized Student Tours and Class trips\",\"publisher\":{\"@id\":\"https:\\\/\\\/prometour.com\\\/fr\\\/#organization\"},\"potentialAction\":[{\"@type\":\"SearchAction\",\"target\":{\"@type\":\"EntryPoint\",\"urlTemplate\":\"https:\\\/\\\/prometour.com\\\/fr\\\/?s={search_term_string}\"},\"query-input\":{\"@type\":\"PropertyValueSpecification\",\"valueRequired\":true,\"valueName\":\"search_term_string\"}}],\"inLanguage\":\"fr-FR\"},{\"@type\":\"Organization\",\"@id\":\"https:\\\/\\\/prometour.com\\\/fr\\\/#organization\",\"name\":\"Prom\u00e9tour Educational Tours\",\"url\":\"https:\\\/\\\/prometour.com\\\/fr\\\/\",\"logo\":{\"@type\":\"ImageObject\",\"inLanguage\":\"fr-FR\",\"@id\":\"https:\\\/\\\/prometour.com\\\/fr\\\/#\\\/schema\\\/logo\\\/image\\\/\",\"url\":\"https:\\\/\\\/prometour.com\\\/wp-content\\\/uploads\\\/2017\\\/11\\\/Prometour_Logo_CMYK.gif\",\"contentUrl\":\"https:\\\/\\\/prometour.com\\\/wp-content\\\/uploads\\\/2017\\\/11\\\/Prometour_Logo_CMYK.gif\",\"width\":2265,\"height\":663,\"caption\":\"Prom\u00e9tour Educational Tours\"},\"image\":{\"@id\":\"https:\\\/\\\/prometour.com\\\/fr\\\/#\\\/schema\\\/logo\\\/image\\\/\"},\"sameAs\":[\"https:\\\/\\\/www.facebook.com\\\/PrometourEduTours\",\"https:\\\/\\\/x.com\\\/Prometour\",\"https:\\\/\\\/www.instagram.com\\\/prometour\\\/\",\"https:\\\/\\\/www.linkedin.com\\\/company\\\/prometour\",\"https:\\\/\\\/www.pinterest.ca\\\/prometour\\\/\",\"https:\\\/\\\/www.youtube.com\\\/channel\\\/UCGUzI7zRN1jyJA_vnuq4GPA\"]},{\"@type\":\"Person\",\"@id\":\"https:\\\/\\\/prometour.com\\\/fr\\\/#\\\/schema\\\/person\\\/792fcaaa91c0ad3963720f2d9697a548\",\"name\":\"Mireille\",\"image\":{\"@type\":\"ImageObject\",\"inLanguage\":\"fr-FR\",\"@id\":\"https:\\\/\\\/secure.gravatar.com\\\/avatar\\\/3f300f4f004511138f4d24dcab3cebf47eb71602b301cd69eae4fb50379c2cd1?s=96&d=mm&r=g\",\"url\":\"https:\\\/\\\/secure.gravatar.com\\\/avatar\\\/3f300f4f004511138f4d24dcab3cebf47eb71602b301cd69eae4fb50379c2cd1?s=96&d=mm&r=g\",\"contentUrl\":\"https:\\\/\\\/secure.gravatar.com\\\/avatar\\\/3f300f4f004511138f4d24dcab3cebf47eb71602b301cd69eae4fb50379c2cd1?s=96&d=mm&r=g\",\"caption\":\"Mireille\"}}]}<\/script>\n<!-- \/ Yoast SEO plugin. -->","yoast_head_json":{"title":"Souvenirs de France | Prom\u00e9tour","robots":{"index":"index","follow":"follow","max-snippet":"max-snippet:-1","max-image-preview":"max-image-preview:large","max-video-preview":"max-video-preview:-1"},"canonical":"https:\/\/prometour.com\/fr\/souvenirs-de-france\/","og_locale":"fr_FR","og_type":"article","og_title":"Souvenirs de France | Prom\u00e9tour","og_description":"[vc_row][vc_column width=\u00a0\u00bb1\/4&Prime;][uncode_block id=\u00a0\u00bb82731&Prime; inside_column=\u00a0\u00bbyes\u00a0\u00bb][\/vc_column][vc_column width=\u00a0\u00bb1\/2&Prime;][vc_single_image media=\u00a0\u00bb76013&Prime; media_width_percent=\u00a0\u00bb100&Prime;][vc_column_text] Souvenirs de France &#8211; 10 jours Revivez des moments m\u00e9morables qui ont fa\u00e7onn\u00e9s [&hellip;]","og_url":"https:\/\/prometour.com\/fr\/souvenirs-de-france\/","og_site_name":"Prom&eacute;tour","article_publisher":"https:\/\/www.facebook.com\/PrometourEduTours","article_published_time":"2020-11-04T18:51:08+00:00","article_modified_time":"2021-02-10T19:28:48+00:00","og_image":[{"width":1284,"height":700,"url":"https:\/\/prometour.com\/wp-content\/uploads\/2017\/11\/Normandy.jpg","type":"image\/jpeg"}],"author":"Mireille","twitter_card":"summary_large_image","twitter_creator":"@Prometour","twitter_site":"@Prometour","twitter_misc":{"\u00c9crit par":"Mireille","Dur\u00e9e de lecture estim\u00e9e":"8 minutes"},"schema":{"@context":"https:\/\/schema.org","@graph":[{"@type":"Article","@id":"https:\/\/prometour.com\/fr\/souvenirs-de-france\/#article","isPartOf":{"@id":"https:\/\/prometour.com\/fr\/souvenirs-de-france\/"},"author":{"name":"Mireille","@id":"https:\/\/prometour.com\/fr\/#\/schema\/person\/792fcaaa91c0ad3963720f2d9697a548"},"headline":"Souvenirs de France","datePublished":"2020-11-04T18:51:08+00:00","dateModified":"2021-02-10T19:28:48+00:00","mainEntityOfPage":{"@id":"https:\/\/prometour.com\/fr\/souvenirs-de-france\/"},"wordCount":1581,"publisher":{"@id":"https:\/\/prometour.com\/fr\/#organization"},"image":{"@id":"https:\/\/prometour.com\/fr\/souvenirs-de-france\/#primaryimage"},"thumbnailUrl":"https:\/\/prometour.com\/wp-content\/uploads\/2017\/11\/Normandy.jpg","articleSection":["Itin\u00e9raires Envol"],"inLanguage":"fr-FR"},{"@type":"WebPage","@id":"https:\/\/prometour.com\/fr\/souvenirs-de-france\/","url":"https:\/\/prometour.com\/fr\/souvenirs-de-france\/","name":"Souvenirs de France | Prom\u00e9tour","isPartOf":{"@id":"https:\/\/prometour.com\/fr\/#website"},"primaryImageOfPage":{"@id":"https:\/\/prometour.com\/fr\/souvenirs-de-france\/#primaryimage"},"image":{"@id":"https:\/\/prometour.com\/fr\/souvenirs-de-france\/#primaryimage"},"thumbnailUrl":"https:\/\/prometour.com\/wp-content\/uploads\/2017\/11\/Normandy.jpg","datePublished":"2020-11-04T18:51:08+00:00","dateModified":"2021-02-10T19:28:48+00:00","breadcrumb":{"@id":"https:\/\/prometour.com\/fr\/souvenirs-de-france\/#breadcrumb"},"inLanguage":"fr-FR","potentialAction":[{"@type":"ReadAction","target":["https:\/\/prometour.com\/fr\/souvenirs-de-france\/"]}]},{"@type":"ImageObject","inLanguage":"fr-FR","@id":"https:\/\/prometour.com\/fr\/souvenirs-de-france\/#primaryimage","url":"https:\/\/prometour.com\/wp-content\/uploads\/2017\/11\/Normandy.jpg","contentUrl":"https:\/\/prometour.com\/wp-content\/uploads\/2017\/11\/Normandy.jpg","width":1284,"height":700,"caption":"Mont-Saint-Michel - Prometour Educational Tours"},{"@type":"BreadcrumbList","@id":"https:\/\/prometour.com\/fr\/souvenirs-de-france\/#breadcrumb","itemListElement":[{"@type":"ListItem","position":1,"name":"Prometour","item":"https:\/\/prometour.com\/fr\/"},{"@type":"ListItem","position":2,"name":"Envol par Prom\u00e9tour","item":"https:\/\/prometour.com\/fr\/category\/envol-par-prometour-fr\/"},{"@type":"ListItem","position":3,"name":"Itin\u00e9raires Envol","item":"https:\/\/prometour.com\/fr\/category\/envol-par-prometour-fr\/envol-par-prometour\/"},{"@type":"ListItem","position":4,"name":"Souvenirs de France"}]},{"@type":"WebSite","@id":"https:\/\/prometour.com\/fr\/#website","url":"https:\/\/prometour.com\/fr\/","name":"Prom\u00e9tour","description":"Experts in Customized Student Tours and Class trips","publisher":{"@id":"https:\/\/prometour.com\/fr\/#organization"},"potentialAction":[{"@type":"SearchAction","target":{"@type":"EntryPoint","urlTemplate":"https:\/\/prometour.com\/fr\/?s={search_term_string}"},"query-input":{"@type":"PropertyValueSpecification","valueRequired":true,"valueName":"search_term_string"}}],"inLanguage":"fr-FR"},{"@type":"Organization","@id":"https:\/\/prometour.com\/fr\/#organization","name":"Prom\u00e9tour Educational Tours","url":"https:\/\/prometour.com\/fr\/","logo":{"@type":"ImageObject","inLanguage":"fr-FR","@id":"https:\/\/prometour.com\/fr\/#\/schema\/logo\/image\/","url":"https:\/\/prometour.com\/wp-content\/uploads\/2017\/11\/Prometour_Logo_CMYK.gif","contentUrl":"https:\/\/prometour.com\/wp-content\/uploads\/2017\/11\/Prometour_Logo_CMYK.gif","width":2265,"height":663,"caption":"Prom\u00e9tour Educational Tours"},"image":{"@id":"https:\/\/prometour.com\/fr\/#\/schema\/logo\/image\/"},"sameAs":["https:\/\/www.facebook.com\/PrometourEduTours","https:\/\/x.com\/Prometour","https:\/\/www.instagram.com\/prometour\/","https:\/\/www.linkedin.com\/company\/prometour","https:\/\/www.pinterest.ca\/prometour\/","https:\/\/www.youtube.com\/channel\/UCGUzI7zRN1jyJA_vnuq4GPA"]},{"@type":"Person","@id":"https:\/\/prometour.com\/fr\/#\/schema\/person\/792fcaaa91c0ad3963720f2d9697a548","name":"Mireille","image":{"@type":"ImageObject","inLanguage":"fr-FR","@id":"https:\/\/secure.gravatar.com\/avatar\/3f300f4f004511138f4d24dcab3cebf47eb71602b301cd69eae4fb50379c2cd1?s=96&d=mm&r=g","url":"https:\/\/secure.gravatar.com\/avatar\/3f300f4f004511138f4d24dcab3cebf47eb71602b301cd69eae4fb50379c2cd1?s=96&d=mm&r=g","contentUrl":"https:\/\/secure.gravatar.com\/avatar\/3f300f4f004511138f4d24dcab3cebf47eb71602b301cd69eae4fb50379c2cd1?s=96&d=mm&r=g","caption":"Mireille"}}]}},"_links":{"self":[{"href":"https:\/\/prometour.com\/fr\/wp-json\/wp\/v2\/posts\/83691","targetHints":{"allow":["GET"]}}],"collection":[{"href":"https:\/\/prometour.com\/fr\/wp-json\/wp\/v2\/posts"}],"about":[{"href":"https:\/\/prometour.com\/fr\/wp-json\/wp\/v2\/types\/post"}],"author":[{"embeddable":true,"href":"https:\/\/prometour.com\/fr\/wp-json\/wp\/v2\/users\/21"}],"replies":[{"embeddable":true,"href":"https:\/\/prometour.com\/fr\/wp-json\/wp\/v2\/comments?post=83691"}],"version-history":[{"count":7,"href":"https:\/\/prometour.com\/fr\/wp-json\/wp\/v2\/posts\/83691\/revisions"}],"predecessor-version":[{"id":83708,"href":"https:\/\/prometour.com\/fr\/wp-json\/wp\/v2\/posts\/83691\/revisions\/83708"}],"wp:featuredmedia":[{"embeddable":true,"href":"https:\/\/prometour.com\/fr\/wp-json\/wp\/v2\/media\/72775"}],"wp:attachment":[{"href":"https:\/\/prometour.com\/fr\/wp-json\/wp\/v2\/media?parent=83691"}],"wp:term":[{"taxonomy":"category","embeddable":true,"href":"https:\/\/prometour.com\/fr\/wp-json\/wp\/v2\/categories?post=83691"},{"taxonomy":"post_tag","embeddable":true,"href":"https:\/\/prometour.com\/fr\/wp-json\/wp\/v2\/tags?post=83691"}],"curies":[{"name":"wp","href":"https:\/\/api.w.org\/{rel}","templated":true}]}}