{"id":86367,"date":"2021-03-08T12:58:13","date_gmt":"2021-03-08T17:58:13","guid":{"rendered":"https:\/\/prometour.com\/?p=86367"},"modified":"2021-03-15T17:11:19","modified_gmt":"2021-03-15T21:11:19","slug":"aventures-au-costa-rica","status":"publish","type":"post","link":"https:\/\/prometour.com\/fr\/aventures-au-costa-rica\/","title":{"rendered":"Aventures au Costa Rica"},"content":{"rendered":"<div class=\"wpb-content-wrapper\"><p>[vc_row][vc_column width=\u00a0\u00bb1\/4&Prime;][uncode_block id=\u00a0\u00bb85486&Prime; inside_column=\u00a0\u00bbyes\u00a0\u00bb][\/vc_column][vc_column width=\u00a0\u00bb1\/2&Prime;][vc_column_text]<\/p>\n<h2 style=\"text-align: center;\">Visitez Le Costa Rica: Circuit Aventure<\/h2>\n<p style=\"text-align: center;\">\u00a07 Jours\/6 Nuits<\/p>\n<p>&nbsp;<\/p>\n<div class=\"po-booktravels-viewperday booktravel-elements po-subsection\">\n<div id=\"day-dtl-1\" class=\"po-subsection-title format-day-title\">\n<div id=\"ttlh-day-1-2\" class=\"setgroup_ct_title_text clearfix\">\n<h4 id=\"tmp_423\" class=\"\" contenteditable=\"false\">JOUR 1: D\u00c9PART VERS LE COSTA RICA<\/h4>\n<\/div>\n<\/div>\n<div class=\"day_resume_space clearfix\">\n<div class=\"day_resume format-day-resume\">\n<p>Envolez-vous pour le Costa Rica.<\/p>\n<p><span class=\"frame-2\">Bienvenidos a Costa Rica! Rencontrez votre directeur de tourn\u00e9e Prom\u00e9tour \u00e0 votre arriv\u00e9e \u00e0 l&rsquo;a\u00e9roport.<\/span><\/p>\n<p>Transfert \u00e0 votre h\u00f4tel.<\/p>\n<p contenteditable=\"false\">Profitez de temps libre au El Rancho; il y a une piscine, un filet de volley-ball et vous pouvez jouer au football.<\/p>\n<p contenteditable=\"false\">Souper et h\u00e9bergement au El Rancho.<\/p>\n<dl><\/dl>\n<dl><\/dl>\n<\/div>\n<\/div>\n<\/div>\n<div class=\"po-booktravels-viewperday booktravel-elements po-subsection\">\n<div id=\"day-dtl-2\" class=\"po-subsection-title format-day-title\">\n<div id=\"ttlh-day-2-2\" class=\"setgroup_ct_title_text clearfix\">\n<h4 id=\"tmp_35\" class=\"\" contenteditable=\"false\">JOUR 2: LA GUACIMA &#8211;\u00a0ARENAL<\/h4>\n<\/div>\n<\/div>\n<div class=\"day_resume_space clearfix\">\n<div class=\"day_resume format-day-resume\">\n<p>Petit-d\u00e9jeuner \u00e0 l&rsquo;h\u00f4tel.<\/p>\n<p>\u00c0 bord de votre autocar, rendez-vous \u00e0 Arenal.\u00a0 Ce volcan a \u00e9t\u00e9 consid\u00e9r\u00e9 comme dormant pendant plus de 400 ans jusqu&rsquo;\u00e0 son \u00e9ruption en 1968.<\/p>\n<p>D\u00eener avec votre groupe dans un restaurant local \u00e0 l&rsquo;arriv\u00e9e.<\/p>\n<p>Cet apr\u00e8s-midi, marchez jusqu&rsquo;\u00e0 la cascade La Fortuna. Cette cascade \u00e9merge de la v\u00e9g\u00e9tation dense de la jungle et plonge \u00e0 environ 200 pieds plus bas dans une piscine \u00e9meraude.<\/p>\n<p contenteditable=\"false\">Souper et h\u00e9bergement \u00e0 Arenal.<\/p>\n<dl><\/dl>\n<dl><\/dl>\n<\/div>\n<\/div>\n<\/div>\n<div class=\"po-booktravels-viewperday booktravel-elements po-subsection\">\n<div id=\"day-dtl-3\" class=\"po-subsection-title format-day-title\">\n<div id=\"ttlh-day-3-2\" class=\"setgroup_ct_title_text clearfix\">\n<h4 class=\"\" contenteditable=\"false\">JOUR 3: ARENAL<\/h4>\n<\/div>\n<\/div>\n<div class=\"day_resume_space clearfix\">\n<div class=\"day_resume format-day-resume\">\n<p>Petit-d\u00e9jeuner \u00e0 l&rsquo;h\u00f4tel.<\/p>\n<p>Ce matin, embarquez pour une aventure de Tyrolienne! Environ 70% de la vie dans la for\u00eat tropicale a lieu au niveau de la canop\u00e9e des arbres. D\u00e9couvrez la for\u00eat de fa\u00e7on exaltante!<\/p>\n<p>D\u00eener avec votre groupe dans un restaurant local.<\/p>\n<p>Profitez d&rsquo;un apr\u00e8s-midi de kayak sur le lac Arenal. C&rsquo;est la plus grande \u00e9tendue d&rsquo;eau enclav\u00e9e du pays, avec une superficie de pr\u00e8s de 33 miles carr\u00e9s!<\/p>\n<dl><\/dl>\n<dl><\/dl>\n<\/div>\n<\/div>\n<div>\n<p contenteditable=\"false\">Souper et h\u00e9bergement \u00e0 Arenal.<\/p>\n<\/div>\n<\/div>\n<div class=\"po-booktravels-viewperday booktravel-elements po-subsection\">\n<div id=\"day-dtl-4\" class=\"po-subsection-title format-day-title\">\n<div id=\"ttlh-day-4-2\" class=\"setgroup_ct_title_text clearfix\">\n<h4 id=\"tmp_367\" class=\"\" contenteditable=\"false\">JOUR 4: ARENAL &#8211;\u00a0SARAPIQUI<\/h4>\n<\/div>\n<\/div>\n<div class=\"day_resume_space clearfix\">\n<div class=\"day_resume format-day-resume\">\n<p><span class=\"frame-2\">Petit-d\u00e9jeuner \u00e0 l&rsquo;h\u00f4tel.<\/span><\/p>\n<p><span class=\"frame-2\">Faites une excursion \u00e0 cheval et profitez d&rsquo;une vue imprenable sur la r\u00e9gion du volcan Arenal.<\/span><\/p>\n<p>D\u00eener avec votre groupe dans un restaurant local.<\/p>\n<p>Prenez place \u00e0 bord de votre autocar et rendez-vous \u00e0 Sarapiqui.<\/p>\n<p contenteditable=\"false\">En partance de ruisseaux de montagne limpides, profitez du rafting en eaux vives sur la rivi\u00e8re Sarapiqui.<\/p>\n<p>Souper et h\u00e9bergement \u00e0 Sarapiqui.<\/p>\n<\/div>\n<\/div>\n<\/div>\n<div class=\"po-booktravels-viewperday booktravel-elements po-subsection\">\n<div id=\"day-dtl-5\" class=\"po-subsection-title format-day-title\">\n<div id=\"ttlh-day-5-2\" class=\"setgroup_ct_title_text clearfix\">\n<h4 id=\"tmp_23\" class=\"\" contenteditable=\"false\">JOUR 5: SARAPIQUI &#8211;\u00a0CAHUITA<\/h4>\n<\/div>\n<\/div>\n<div class=\"day_resume_space clearfix\">\n<div class=\"day_resume format-day-resume\">\n<p>Petit-d\u00e9jeuner \u00e0 l&rsquo;h\u00f4tel.<\/p>\n<p contenteditable=\"false\">Montez \u00e0 bord de votre autocar et rendez-vous \u00e0 Cahuita, le c\u00f4t\u00e9 cara\u00efbe du pays.<\/p>\n<p>D\u00eener avec votre groupe dans un restaurant local.<\/p>\n<p contenteditable=\"false\">D\u00e9couvrez tout ce que la mer des Cara\u00efbes a \u00e0 offrir, lors d&rsquo;un voyage en kayak de mer avec votre groupe!<\/p>\n<p>Souper et h\u00e9bergement \u00e0 Cahuita.<\/p>\n<\/div>\n<\/div>\n<\/div>\n<div class=\"po-booktravels-viewperday booktravel-elements po-subsection\">\n<div id=\"day-dtl-6\" class=\"po-subsection-title format-day-title\">\n<div id=\"ttlh-day-6-2\" class=\"setgroup_ct_title_text clearfix\">\n<h4 contenteditable=\"false\">JOUR 6: CAHUITA &#8211;\u00a0LA GUACIMA<\/h4>\n<\/div>\n<\/div>\n<div class=\"day_resume_space clearfix\">\n<div class=\"day_resume format-day-resume\">\n<p><span class=\"frame-2\">Prenez le petit-d\u00e9jeuner \u00e0 l&rsquo;h\u00f4tel.<\/span><\/p>\n<p contenteditable=\"false\">Profitez des eaux bleues claires et de la faune sous-marine de la mer des Cara\u00efbes au Costa Rica. Faites de la plong\u00e9e en apn\u00e9e et nagez au milieu du r\u00e9cif de corail color\u00e9 et des poissons tropicaux!<\/p>\n<p><span class=\"frame-2\">D\u00eener avec votre groupe dans un restaurant local.<\/span><\/p>\n<p contenteditable=\"false\">Retour \u00e0 La Guacima de Alajuela \u00e0 bord de votre autocar.<\/p>\n<p contenteditable=\"false\">Souper et h\u00e9bergement au El Rancho.<\/p>\n<dl><\/dl>\n<dl><\/dl>\n<\/div>\n<\/div>\n<\/div>\n<div class=\"po-booktravels-viewperday booktravel-elements po-subsection\">\n<div id=\"day-dtl-7\" class=\"po-subsection-title format-day-title\">\n<div id=\"ttlh-day-7-2\" class=\"setgroup_ct_title_text clearfix\">\n<h4 id=\"tmp_403\" class=\"\" contenteditable=\"false\">JOUR 7: LA GUACIMA &#8211; RETOUR \u00c0 LA MAISON<\/h4>\n<\/div>\n<\/div>\n<div class=\"day_resume_space clearfix\">\n<div class=\"day_resume format-day-resume\">\n<p>Petit-d\u00e9jeuner \u00e0 l&rsquo;h\u00f4tel.<\/p>\n<p>Transfert \u00e0 l&rsquo;a\u00e9roport.<\/p>\n<p><span class=\"frame-2\">Dites Hasta Luego \u00e0 votre directeur de tourn\u00e9e Prom\u00e9tour.<\/span><\/p>\n<p>Envolez-vous au d\u00e9part de San Jos\u00e9 et retournez \u00e0 la maison.<\/p>\n<\/div>\n<\/div>\n<\/div>\n<p>[\/vc_column_text][\/vc_column][vc_column width=\u00a0\u00bb1\/4&Prime;][vc_single_image media=\u00a0\u00bb86279&Prime; media_width_percent=\u00a0\u00bb100&Prime; media_ratio=\u00a0\u00bbsixteen-nine\u00a0\u00bb][vc_button button_color=\u00a0\u00bbaccent\u00a0\u00bb border_width=\u00a0\u00bb0&Prime; link=\u00a0\u00bburl:https%3A%2F%2Fprometour.com%2Ffr%2Famericas__trashed%2Fcosta-rica%2F\u00a0\u00bb]Voir les itin\u00e9raires au Costa Rica[\/vc_button][vc_single_image media=\u00a0\u00bb78398&Prime; media_lightbox=\u00a0\u00bbyes\u00a0\u00bb media_width_percent=\u00a0\u00bb100&Prime; media_ratio=\u00a0\u00bbsixteen-nine\u00a0\u00bb border=\u00a0\u00bbyes\u00a0\u00bb shadow=\u00a0\u00bbyes\u00a0\u00bb][vc_column_text]<\/p>\n<p style=\"text-align: center;\"><strong>Personnalisez votre itin\u00e9raire au Costa-Rica<\/strong><\/p>\n<p>[\/vc_column_text][uncode_block id=\u00a0\u00bb85628&Prime;][uncode_block id=\u00a0\u00bb85646&Prime; inside_column=\u00a0\u00bbyes\u00a0\u00bb][\/vc_column][\/vc_row][vc_row row_height_percent=\u00a0\u00bb0&Prime; back_color=\u00a0\u00bbcolor-gyho\u00a0\u00bb overlay_alpha=\u00a0\u00bb50&Prime; gutter_size=\u00a0\u00bb3&Prime; column_width_percent=\u00a0\u00bb100&Prime; shift_y=\u00a0\u00bb0&Prime; z_index=\u00a0\u00bb0&Prime;][vc_column width=\u00a0\u00bb1\/1&Prime;][uncode_block id=\u00a0\u00bb84191&Prime; inside_column=\u00a0\u00bbno\u00a0\u00bb][\/vc_column][\/vc_row]<\/p>\n<\/div>","protected":false},"excerpt":{"rendered":"<p>Opera Garnier; Chenonceau Castle; Mont St-Michel Abbey; D-Day Landing Museum and so much more. Our tours are fully customizable to meet your needs.<\/p>\n","protected":false},"author":21,"featured_media":86369,"comment_status":"closed","ping_status":"closed","sticky":false,"template":"","format":"standard","meta":{"content-type":"","footnotes":""},"categories":[5842,5837,5832],"tags":[],"class_list":["post-86367","post","type-post","status-publish","format-standard","has-post-thumbnail","hentry","category-costa-rica","category-destinations-etudiantes","category-itineraires"],"yoast_head":"<!-- This site is optimized with the Yoast SEO plugin v27.4 - https:\/\/yoast.com\/product\/yoast-seo-wordpress\/ -->\n<title>Aventures au Costa Rica - Prom&eacute;tour<\/title>\n<meta name=\"description\" content=\"Voygage scolaire: Aventures au Costa Rica avec Prom\u00e9tour.\" \/>\n<meta name=\"robots\" content=\"index, follow, max-snippet:-1, max-image-preview:large, max-video-preview:-1\" \/>\n<link rel=\"canonical\" href=\"https:\/\/prometour.com\/fr\/aventures-au-costa-rica\/\" \/>\n<meta property=\"og:locale\" content=\"fr_FR\" \/>\n<meta property=\"og:type\" content=\"article\" \/>\n<meta property=\"og:title\" content=\"Aventures au Costa Rica - Prom&eacute;tour\" \/>\n<meta property=\"og:description\" content=\"Voygage scolaire: Aventures au Costa Rica avec Prom\u00e9tour.\" \/>\n<meta property=\"og:url\" content=\"https:\/\/prometour.com\/fr\/aventures-au-costa-rica\/\" \/>\n<meta property=\"og:site_name\" content=\"Prom&eacute;tour\" \/>\n<meta property=\"article:publisher\" content=\"https:\/\/www.facebook.com\/PrometourEduTours\" \/>\n<meta property=\"article:published_time\" content=\"2021-03-08T17:58:13+00:00\" \/>\n<meta property=\"article:modified_time\" content=\"2021-03-15T21:11:19+00:00\" \/>\n<meta property=\"og:image\" content=\"https:\/\/prometour.com\/wp-content\/uploads\/2019\/07\/Adventure-tour.jpg\" \/>\n\t<meta property=\"og:image:width\" content=\"1920\" \/>\n\t<meta property=\"og:image:height\" content=\"1080\" \/>\n\t<meta property=\"og:image:type\" content=\"image\/jpeg\" \/>\n<meta name=\"author\" content=\"Mireille\" \/>\n<meta name=\"twitter:card\" content=\"summary_large_image\" \/>\n<meta name=\"twitter:creator\" content=\"@Prometour\" \/>\n<meta name=\"twitter:site\" content=\"@Prometour\" \/>\n<meta name=\"twitter:label1\" content=\"\u00c9crit par\" \/>\n\t<meta name=\"twitter:data1\" content=\"Mireille\" \/>\n\t<meta name=\"twitter:label2\" content=\"Dur\u00e9e de lecture estim\u00e9e\" \/>\n\t<meta name=\"twitter:data2\" content=\"3 minutes\" \/>\n<script type=\"application\/ld+json\" class=\"yoast-schema-graph\">{\"@context\":\"https:\\\/\\\/schema.org\",\"@graph\":[{\"@type\":\"Article\",\"@id\":\"https:\\\/\\\/prometour.com\\\/fr\\\/aventures-au-costa-rica\\\/#article\",\"isPartOf\":{\"@id\":\"https:\\\/\\\/prometour.com\\\/fr\\\/aventures-au-costa-rica\\\/\"},\"author\":{\"name\":\"Mireille\",\"@id\":\"https:\\\/\\\/prometour.com\\\/fr\\\/#\\\/schema\\\/person\\\/792fcaaa91c0ad3963720f2d9697a548\"},\"headline\":\"Aventures au Costa Rica\",\"datePublished\":\"2021-03-08T17:58:13+00:00\",\"dateModified\":\"2021-03-15T21:11:19+00:00\",\"mainEntityOfPage\":{\"@id\":\"https:\\\/\\\/prometour.com\\\/fr\\\/aventures-au-costa-rica\\\/\"},\"wordCount\":628,\"publisher\":{\"@id\":\"https:\\\/\\\/prometour.com\\\/fr\\\/#organization\"},\"image\":{\"@id\":\"https:\\\/\\\/prometour.com\\\/fr\\\/aventures-au-costa-rica\\\/#primaryimage\"},\"thumbnailUrl\":\"https:\\\/\\\/prometour.com\\\/wp-content\\\/uploads\\\/2019\\\/07\\\/Adventure-tour.jpg\",\"articleSection\":[\"Costa Rica\",\"Destinations \u00e9tudiantes\",\"Itin\u00e9raires\"],\"inLanguage\":\"fr-FR\"},{\"@type\":\"WebPage\",\"@id\":\"https:\\\/\\\/prometour.com\\\/fr\\\/aventures-au-costa-rica\\\/\",\"url\":\"https:\\\/\\\/prometour.com\\\/fr\\\/aventures-au-costa-rica\\\/\",\"name\":\"Aventures au Costa Rica - Prom&eacute;tour\",\"isPartOf\":{\"@id\":\"https:\\\/\\\/prometour.com\\\/fr\\\/#website\"},\"primaryImageOfPage\":{\"@id\":\"https:\\\/\\\/prometour.com\\\/fr\\\/aventures-au-costa-rica\\\/#primaryimage\"},\"image\":{\"@id\":\"https:\\\/\\\/prometour.com\\\/fr\\\/aventures-au-costa-rica\\\/#primaryimage\"},\"thumbnailUrl\":\"https:\\\/\\\/prometour.com\\\/wp-content\\\/uploads\\\/2019\\\/07\\\/Adventure-tour.jpg\",\"datePublished\":\"2021-03-08T17:58:13+00:00\",\"dateModified\":\"2021-03-15T21:11:19+00:00\",\"description\":\"Voygage scolaire: Aventures au Costa Rica avec Prom\u00e9tour.\",\"breadcrumb\":{\"@id\":\"https:\\\/\\\/prometour.com\\\/fr\\\/aventures-au-costa-rica\\\/#breadcrumb\"},\"inLanguage\":\"fr-FR\",\"potentialAction\":[{\"@type\":\"ReadAction\",\"target\":[\"https:\\\/\\\/prometour.com\\\/fr\\\/aventures-au-costa-rica\\\/\"]}]},{\"@type\":\"ImageObject\",\"inLanguage\":\"fr-FR\",\"@id\":\"https:\\\/\\\/prometour.com\\\/fr\\\/aventures-au-costa-rica\\\/#primaryimage\",\"url\":\"https:\\\/\\\/prometour.com\\\/wp-content\\\/uploads\\\/2019\\\/07\\\/Adventure-tour.jpg\",\"contentUrl\":\"https:\\\/\\\/prometour.com\\\/wp-content\\\/uploads\\\/2019\\\/07\\\/Adventure-tour.jpg\",\"width\":1920,\"height\":1080},{\"@type\":\"BreadcrumbList\",\"@id\":\"https:\\\/\\\/prometour.com\\\/fr\\\/aventures-au-costa-rica\\\/#breadcrumb\",\"itemListElement\":[{\"@type\":\"ListItem\",\"position\":1,\"name\":\"Prometour\",\"item\":\"https:\\\/\\\/prometour.com\\\/fr\\\/\"},{\"@type\":\"ListItem\",\"position\":2,\"name\":\"Destinations \u00e9tudiantes\",\"item\":\"https:\\\/\\\/prometour.com\\\/fr\\\/category\\\/destinations-etudiantes\\\/\"},{\"@type\":\"ListItem\",\"position\":3,\"name\":\"Costa Rica\",\"item\":\"https:\\\/\\\/prometour.com\\\/fr\\\/category\\\/destinations-etudiantes\\\/costa-rica\\\/\"},{\"@type\":\"ListItem\",\"position\":4,\"name\":\"Aventures au Costa Rica\"}]},{\"@type\":\"WebSite\",\"@id\":\"https:\\\/\\\/prometour.com\\\/fr\\\/#website\",\"url\":\"https:\\\/\\\/prometour.com\\\/fr\\\/\",\"name\":\"Prom\u00e9tour\",\"description\":\"Experts in Customized Student Tours and Class trips\",\"publisher\":{\"@id\":\"https:\\\/\\\/prometour.com\\\/fr\\\/#organization\"},\"potentialAction\":[{\"@type\":\"SearchAction\",\"target\":{\"@type\":\"EntryPoint\",\"urlTemplate\":\"https:\\\/\\\/prometour.com\\\/fr\\\/?s={search_term_string}\"},\"query-input\":{\"@type\":\"PropertyValueSpecification\",\"valueRequired\":true,\"valueName\":\"search_term_string\"}}],\"inLanguage\":\"fr-FR\"},{\"@type\":\"Organization\",\"@id\":\"https:\\\/\\\/prometour.com\\\/fr\\\/#organization\",\"name\":\"Prom\u00e9tour Educational Tours\",\"url\":\"https:\\\/\\\/prometour.com\\\/fr\\\/\",\"logo\":{\"@type\":\"ImageObject\",\"inLanguage\":\"fr-FR\",\"@id\":\"https:\\\/\\\/prometour.com\\\/fr\\\/#\\\/schema\\\/logo\\\/image\\\/\",\"url\":\"https:\\\/\\\/prometour.com\\\/wp-content\\\/uploads\\\/2017\\\/11\\\/Prometour_Logo_CMYK.gif\",\"contentUrl\":\"https:\\\/\\\/prometour.com\\\/wp-content\\\/uploads\\\/2017\\\/11\\\/Prometour_Logo_CMYK.gif\",\"width\":2265,\"height\":663,\"caption\":\"Prom\u00e9tour Educational Tours\"},\"image\":{\"@id\":\"https:\\\/\\\/prometour.com\\\/fr\\\/#\\\/schema\\\/logo\\\/image\\\/\"},\"sameAs\":[\"https:\\\/\\\/www.facebook.com\\\/PrometourEduTours\",\"https:\\\/\\\/x.com\\\/Prometour\",\"https:\\\/\\\/www.instagram.com\\\/prometour\\\/\",\"https:\\\/\\\/www.linkedin.com\\\/company\\\/prometour\",\"https:\\\/\\\/www.pinterest.ca\\\/prometour\\\/\",\"https:\\\/\\\/www.youtube.com\\\/channel\\\/UCGUzI7zRN1jyJA_vnuq4GPA\"]},{\"@type\":\"Person\",\"@id\":\"https:\\\/\\\/prometour.com\\\/fr\\\/#\\\/schema\\\/person\\\/792fcaaa91c0ad3963720f2d9697a548\",\"name\":\"Mireille\",\"image\":{\"@type\":\"ImageObject\",\"inLanguage\":\"fr-FR\",\"@id\":\"https:\\\/\\\/secure.gravatar.com\\\/avatar\\\/3f300f4f004511138f4d24dcab3cebf47eb71602b301cd69eae4fb50379c2cd1?s=96&d=mm&r=g\",\"url\":\"https:\\\/\\\/secure.gravatar.com\\\/avatar\\\/3f300f4f004511138f4d24dcab3cebf47eb71602b301cd69eae4fb50379c2cd1?s=96&d=mm&r=g\",\"contentUrl\":\"https:\\\/\\\/secure.gravatar.com\\\/avatar\\\/3f300f4f004511138f4d24dcab3cebf47eb71602b301cd69eae4fb50379c2cd1?s=96&d=mm&r=g\",\"caption\":\"Mireille\"}}]}<\/script>\n<!-- \/ Yoast SEO plugin. -->","yoast_head_json":{"title":"Aventures au Costa Rica - Prom&eacute;tour","description":"Voygage scolaire: Aventures au Costa Rica avec Prom\u00e9tour.","robots":{"index":"index","follow":"follow","max-snippet":"max-snippet:-1","max-image-preview":"max-image-preview:large","max-video-preview":"max-video-preview:-1"},"canonical":"https:\/\/prometour.com\/fr\/aventures-au-costa-rica\/","og_locale":"fr_FR","og_type":"article","og_title":"Aventures au Costa Rica - Prom&eacute;tour","og_description":"Voygage scolaire: Aventures au Costa Rica avec Prom\u00e9tour.","og_url":"https:\/\/prometour.com\/fr\/aventures-au-costa-rica\/","og_site_name":"Prom&eacute;tour","article_publisher":"https:\/\/www.facebook.com\/PrometourEduTours","article_published_time":"2021-03-08T17:58:13+00:00","article_modified_time":"2021-03-15T21:11:19+00:00","og_image":[{"width":1920,"height":1080,"url":"https:\/\/prometour.com\/wp-content\/uploads\/2019\/07\/Adventure-tour.jpg","type":"image\/jpeg"}],"author":"Mireille","twitter_card":"summary_large_image","twitter_creator":"@Prometour","twitter_site":"@Prometour","twitter_misc":{"\u00c9crit par":"Mireille","Dur\u00e9e de lecture estim\u00e9e":"3 minutes"},"schema":{"@context":"https:\/\/schema.org","@graph":[{"@type":"Article","@id":"https:\/\/prometour.com\/fr\/aventures-au-costa-rica\/#article","isPartOf":{"@id":"https:\/\/prometour.com\/fr\/aventures-au-costa-rica\/"},"author":{"name":"Mireille","@id":"https:\/\/prometour.com\/fr\/#\/schema\/person\/792fcaaa91c0ad3963720f2d9697a548"},"headline":"Aventures au Costa Rica","datePublished":"2021-03-08T17:58:13+00:00","dateModified":"2021-03-15T21:11:19+00:00","mainEntityOfPage":{"@id":"https:\/\/prometour.com\/fr\/aventures-au-costa-rica\/"},"wordCount":628,"publisher":{"@id":"https:\/\/prometour.com\/fr\/#organization"},"image":{"@id":"https:\/\/prometour.com\/fr\/aventures-au-costa-rica\/#primaryimage"},"thumbnailUrl":"https:\/\/prometour.com\/wp-content\/uploads\/2019\/07\/Adventure-tour.jpg","articleSection":["Costa Rica","Destinations \u00e9tudiantes","Itin\u00e9raires"],"inLanguage":"fr-FR"},{"@type":"WebPage","@id":"https:\/\/prometour.com\/fr\/aventures-au-costa-rica\/","url":"https:\/\/prometour.com\/fr\/aventures-au-costa-rica\/","name":"Aventures au Costa Rica - Prom&eacute;tour","isPartOf":{"@id":"https:\/\/prometour.com\/fr\/#website"},"primaryImageOfPage":{"@id":"https:\/\/prometour.com\/fr\/aventures-au-costa-rica\/#primaryimage"},"image":{"@id":"https:\/\/prometour.com\/fr\/aventures-au-costa-rica\/#primaryimage"},"thumbnailUrl":"https:\/\/prometour.com\/wp-content\/uploads\/2019\/07\/Adventure-tour.jpg","datePublished":"2021-03-08T17:58:13+00:00","dateModified":"2021-03-15T21:11:19+00:00","description":"Voygage scolaire: Aventures au Costa Rica avec Prom\u00e9tour.","breadcrumb":{"@id":"https:\/\/prometour.com\/fr\/aventures-au-costa-rica\/#breadcrumb"},"inLanguage":"fr-FR","potentialAction":[{"@type":"ReadAction","target":["https:\/\/prometour.com\/fr\/aventures-au-costa-rica\/"]}]},{"@type":"ImageObject","inLanguage":"fr-FR","@id":"https:\/\/prometour.com\/fr\/aventures-au-costa-rica\/#primaryimage","url":"https:\/\/prometour.com\/wp-content\/uploads\/2019\/07\/Adventure-tour.jpg","contentUrl":"https:\/\/prometour.com\/wp-content\/uploads\/2019\/07\/Adventure-tour.jpg","width":1920,"height":1080},{"@type":"BreadcrumbList","@id":"https:\/\/prometour.com\/fr\/aventures-au-costa-rica\/#breadcrumb","itemListElement":[{"@type":"ListItem","position":1,"name":"Prometour","item":"https:\/\/prometour.com\/fr\/"},{"@type":"ListItem","position":2,"name":"Destinations \u00e9tudiantes","item":"https:\/\/prometour.com\/fr\/category\/destinations-etudiantes\/"},{"@type":"ListItem","position":3,"name":"Costa Rica","item":"https:\/\/prometour.com\/fr\/category\/destinations-etudiantes\/costa-rica\/"},{"@type":"ListItem","position":4,"name":"Aventures au Costa Rica"}]},{"@type":"WebSite","@id":"https:\/\/prometour.com\/fr\/#website","url":"https:\/\/prometour.com\/fr\/","name":"Prom\u00e9tour","description":"Experts in Customized Student Tours and Class trips","publisher":{"@id":"https:\/\/prometour.com\/fr\/#organization"},"potentialAction":[{"@type":"SearchAction","target":{"@type":"EntryPoint","urlTemplate":"https:\/\/prometour.com\/fr\/?s={search_term_string}"},"query-input":{"@type":"PropertyValueSpecification","valueRequired":true,"valueName":"search_term_string"}}],"inLanguage":"fr-FR"},{"@type":"Organization","@id":"https:\/\/prometour.com\/fr\/#organization","name":"Prom\u00e9tour Educational Tours","url":"https:\/\/prometour.com\/fr\/","logo":{"@type":"ImageObject","inLanguage":"fr-FR","@id":"https:\/\/prometour.com\/fr\/#\/schema\/logo\/image\/","url":"https:\/\/prometour.com\/wp-content\/uploads\/2017\/11\/Prometour_Logo_CMYK.gif","contentUrl":"https:\/\/prometour.com\/wp-content\/uploads\/2017\/11\/Prometour_Logo_CMYK.gif","width":2265,"height":663,"caption":"Prom\u00e9tour Educational Tours"},"image":{"@id":"https:\/\/prometour.com\/fr\/#\/schema\/logo\/image\/"},"sameAs":["https:\/\/www.facebook.com\/PrometourEduTours","https:\/\/x.com\/Prometour","https:\/\/www.instagram.com\/prometour\/","https:\/\/www.linkedin.com\/company\/prometour","https:\/\/www.pinterest.ca\/prometour\/","https:\/\/www.youtube.com\/channel\/UCGUzI7zRN1jyJA_vnuq4GPA"]},{"@type":"Person","@id":"https:\/\/prometour.com\/fr\/#\/schema\/person\/792fcaaa91c0ad3963720f2d9697a548","name":"Mireille","image":{"@type":"ImageObject","inLanguage":"fr-FR","@id":"https:\/\/secure.gravatar.com\/avatar\/3f300f4f004511138f4d24dcab3cebf47eb71602b301cd69eae4fb50379c2cd1?s=96&d=mm&r=g","url":"https:\/\/secure.gravatar.com\/avatar\/3f300f4f004511138f4d24dcab3cebf47eb71602b301cd69eae4fb50379c2cd1?s=96&d=mm&r=g","contentUrl":"https:\/\/secure.gravatar.com\/avatar\/3f300f4f004511138f4d24dcab3cebf47eb71602b301cd69eae4fb50379c2cd1?s=96&d=mm&r=g","caption":"Mireille"}}]}},"_links":{"self":[{"href":"https:\/\/prometour.com\/fr\/wp-json\/wp\/v2\/posts\/86367","targetHints":{"allow":["GET"]}}],"collection":[{"href":"https:\/\/prometour.com\/fr\/wp-json\/wp\/v2\/posts"}],"about":[{"href":"https:\/\/prometour.com\/fr\/wp-json\/wp\/v2\/types\/post"}],"author":[{"embeddable":true,"href":"https:\/\/prometour.com\/fr\/wp-json\/wp\/v2\/users\/21"}],"replies":[{"embeddable":true,"href":"https:\/\/prometour.com\/fr\/wp-json\/wp\/v2\/comments?post=86367"}],"version-history":[{"count":6,"href":"https:\/\/prometour.com\/fr\/wp-json\/wp\/v2\/posts\/86367\/revisions"}],"predecessor-version":[{"id":86970,"href":"https:\/\/prometour.com\/fr\/wp-json\/wp\/v2\/posts\/86367\/revisions\/86970"}],"wp:featuredmedia":[{"embeddable":true,"href":"https:\/\/prometour.com\/fr\/wp-json\/wp\/v2\/media\/86369"}],"wp:attachment":[{"href":"https:\/\/prometour.com\/fr\/wp-json\/wp\/v2\/media?parent=86367"}],"wp:term":[{"taxonomy":"category","embeddable":true,"href":"https:\/\/prometour.com\/fr\/wp-json\/wp\/v2\/categories?post=86367"},{"taxonomy":"post_tag","embeddable":true,"href":"https:\/\/prometour.com\/fr\/wp-json\/wp\/v2\/tags?post=86367"}],"curies":[{"name":"wp","href":"https:\/\/api.w.org\/{rel}","templated":true}]}}